{"id":766,"date":"2025-07-18T10:44:00","date_gmt":"2025-07-18T10:44:00","guid":{"rendered":"https:\/\/seme.tech\/?p=766"},"modified":"2026-03-09T10:45:14","modified_gmt":"2026-03-09T10:45:14","slug":"dr-aaron-angel-salas-sanchez-talk-at-the-ieee-aps-ursi-2025-in-ottawa-ca","status":"publish","type":"post","link":"https:\/\/seme.tech\/?p=766","title":{"rendered":"Dr. Aar\u00f3n \u00c1ngel Salas S\u00c1NCHEZ Talk at the IEEE APS\/URSI 2025 in Ottawa (CA)"},"content":{"rendered":"\n<figure class=\"wp-block-image size-large\"><img loading=\"lazy\" width=\"1024\" height=\"1024\" src=\"https:\/\/seme.tech\/wp-content\/uploads\/2026\/03\/2025-07-18.Social-Post.ELEDIA.IEEE-APS.2025.SALAS_-1024x1024-1-1024x1024.png\" alt=\"\" class=\"wp-image-767\" srcset=\"https:\/\/seme.tech\/wp-content\/uploads\/2026\/03\/2025-07-18.Social-Post.ELEDIA.IEEE-APS.2025.SALAS_-1024x1024-1.png 1024w, https:\/\/seme.tech\/wp-content\/uploads\/2026\/03\/2025-07-18.Social-Post.ELEDIA.IEEE-APS.2025.SALAS_-1024x1024-1-300x300.png 300w, https:\/\/seme.tech\/wp-content\/uploads\/2026\/03\/2025-07-18.Social-Post.ELEDIA.IEEE-APS.2025.SALAS_-1024x1024-1-150x150.png 150w, https:\/\/seme.tech\/wp-content\/uploads\/2026\/03\/2025-07-18.Social-Post.ELEDIA.IEEE-APS.2025.SALAS_-1024x1024-1-768x768.png 768w, https:\/\/seme.tech\/wp-content\/uploads\/2026\/03\/2025-07-18.Social-Post.ELEDIA.IEEE-APS.2025.SALAS_-1024x1024-1-600x600.png 600w, https:\/\/seme.tech\/wp-content\/uploads\/2026\/03\/2025-07-18.Social-Post.ELEDIA.IEEE-APS.2025.SALAS_-1024x1024-1-116x116.png 116w\" sizes=\"(max-width: 1024px) 100vw, 1024px\" \/><\/figure>\n\n\n\n<p><\/p>\n\n\n\n<p>On Thursday, July 17th, 2025, Dr. <a href=\"https:\/\/www.eledia.org\/eledia-unitn\/people\/salas-sanchez-aaron-angel\/\">Aar\u00f3n \u00c1ngel Salas S\u00e1nchez<\/a> (ELEDIA@UniTN &#8211; DICAM) presented a talk at the <a href=\"https:\/\/2025.apsursi.org\/\" target=\"_blank\" rel=\"noreferrer noopener\">IEEE APS\/URSI 2025<\/a> in Ottawa (CA) on<\/p>\n\n\n\n<blockquote class=\"wp-block-quote\"><p>&#8220;Next-Generation Passive EM Skins for Advanced Wave Manipulation in FWA Scenarios&#8221;<\/p><\/blockquote>\n\n\n\n<p>as part of the Session on &#8220;<em>Metasurface\/Metamaterial Enhanced Antennas<\/em>&#8220;.<\/p>\n","protected":false},"excerpt":{"rendered":"<p>On Thursday, July 17th, 2025, Dr. Aar\u00f3n \u00c1ngel Salas S\u00e1nchez (ELEDIA@UniTN &#8211; DICAM) presented a talk at the IEEE APS\/URSI 2025 in Ottawa (CA) on &#8220;Next-Generation Passive EM Skins for Advanced Wave Manipulation in FWA Scenarios&#8221; as part of the Session on &#8220;Metasurface\/Metamaterial Enhanced Antennas&#8220;.<\/p>\n","protected":false},"author":7,"featured_media":767,"comment_status":"closed","ping_status":"open","sticky":false,"template":"","format":"standard","meta":[],"categories":[11],"tags":[],"_links":{"self":[{"href":"https:\/\/seme.tech\/index.php?rest_route=\/wp\/v2\/posts\/766"}],"collection":[{"href":"https:\/\/seme.tech\/index.php?rest_route=\/wp\/v2\/posts"}],"about":[{"href":"https:\/\/seme.tech\/index.php?rest_route=\/wp\/v2\/types\/post"}],"author":[{"embeddable":true,"href":"https:\/\/seme.tech\/index.php?rest_route=\/wp\/v2\/users\/7"}],"replies":[{"embeddable":true,"href":"https:\/\/seme.tech\/index.php?rest_route=%2Fwp%2Fv2%2Fcomments&post=766"}],"version-history":[{"count":1,"href":"https:\/\/seme.tech\/index.php?rest_route=\/wp\/v2\/posts\/766\/revisions"}],"predecessor-version":[{"id":768,"href":"https:\/\/seme.tech\/index.php?rest_route=\/wp\/v2\/posts\/766\/revisions\/768"}],"wp:featuredmedia":[{"embeddable":true,"href":"https:\/\/seme.tech\/index.php?rest_route=\/wp\/v2\/media\/767"}],"wp:attachment":[{"href":"https:\/\/seme.tech\/index.php?rest_route=%2Fwp%2Fv2%2Fmedia&parent=766"}],"wp:term":[{"taxonomy":"category","embeddable":true,"href":"https:\/\/seme.tech\/index.php?rest_route=%2Fwp%2Fv2%2Fcategories&post=766"},{"taxonomy":"post_tag","embeddable":true,"href":"https:\/\/seme.tech\/index.php?rest_route=%2Fwp%2Fv2%2Ftags&post=766"}],"curies":[{"name":"wp","href":"https:\/\/api.w.org\/{rel}","templated":true}]}}